{"id":1430,"date":"2020-01-27T19:47:52","date_gmt":"2020-01-27T19:47:52","guid":{"rendered":"https:\/\/www.iknews.net\/?p=1430"},"modified":"2020-01-27T19:47:52","modified_gmt":"2020-01-27T19:47:52","slug":"pastef-assemblee-generale-du-mouvement-des-cadres-en-france-reactions-du-nouveau-bureau","status":"publish","type":"post","link":"https:\/\/iknews.fr\/index.php\/2020\/01\/27\/pastef-assemblee-generale-du-mouvement-des-cadres-en-france-reactions-du-nouveau-bureau\/","title":{"rendered":"PASTEF: Assembl\u00e9e g\u00e9n\u00e9rale du Mouvement des Cadres en France: R\u00e9actions du nouveau bureau"},"content":{"rendered":"<p>Les cadres du mouvement politique Pastef ont tenu leur assembl\u00e9e g\u00e9n\u00e9rale ce samedi 25 janvier \u00e0 Paris pour \u00e9lire leur nouveau bureau.<br \/>\nUne \u00e9lection qui s&rsquo;est tenue \u00e9galement via internet et qui a permis aux sympathisants de Pastef de participer au vote. Les nouveaux membres sont:<br \/>\nMarie Rose Faye, Coordonnatrice<br \/>\nCheikh Dabo, Coordonnateur Adjoint<br \/>\nFatou Kin\u00e9 Diakhat\u00e9, Secr\u00e9taire G\u00e9n\u00e9rale<br \/>\nMohamed Rassoul Dieng Secr\u00e9taire g\u00e9n\u00e9ral adjoint<br \/>\nAbdoulaye Albert Fall, Responsable Organisation<br \/>\nMomar Faye, Responsable Organisation Adjoint<br \/>\nMadick Gueye, Responsable Scientifique<br \/>\nIbrahima Diop, Responsable Scientifique adjoint<br \/>\nEl Hadji S\u00e9ga Gueye, Responsable Formation D\u00e9bat<br \/>\nMamadou War, Responsable Formation- D\u00e9bat Adjoint.<\/p>\n<p>Retrouvez lez discours respectifs de Birome Hola Ba, Responsable sortant, du nouvel Responsable Formation D\u00e9bat El Hadji S\u00e9ga Gueye et de la Nouvelle Coordonnatrice originaire de Bordeaux Marie Rose Faye.<br \/>\nRetrouvez \u00e9galement notre live Facebook de cette Assembl\u00e9e g\u00e9n\u00e9rale:<br \/>\nhttps:\/\/www.facebook.com\/IKNEWSTV\/vid&#8230;<\/p>\n<p>Ibra Khady Ndiaye <\/p>\n<p>En Partenariat avec Villa Parba S\u00e9n\u00e9gal location de villa avec piscine et wifi pour vos vacances au soleil 365J\/355<\/p>\n<p>http:\/\/www.booking.com\/Share-R0qK38<br \/>\nFacebook:<br \/>\nhttps:\/\/www.facebook.com\/ParbaBeach\/<br \/>\nEmail : villaparba@gmail.com<\/p>\n<p><iframe loading=\"lazy\" width=\"696\" height=\"392\" src=\"https:\/\/www.youtube.com\/embed\/W2QdBIYrDFQ?feature=oembed\" frameborder=\"0\" allow=\"accelerometer; autoplay; encrypted-media; gyroscope; picture-in-picture\" allowfullscreen><\/iframe><\/p>\n","protected":false},"excerpt":{"rendered":"<p>Les cadres du mouvement politique Pastef ont tenu leur assembl\u00e9e g\u00e9n\u00e9rale ce samedi 25 janvier \u00e0 Paris pour \u00e9lire leur nouveau bureau. Une \u00e9lection qui s&rsquo;est tenue \u00e9galement via internet et qui a permis aux sympathisants de Pastef de participer au vote. Les nouveaux membres sont: Marie Rose Faye, Coordonnatrice Cheikh Dabo, Coordonnateur Adjoint Fatou [&hellip;]<\/p>\n","protected":false},"author":1,"featured_media":1434,"comment_status":"open","ping_status":"open","sticky":false,"template":"","format":"video","meta":{"footnotes":""},"categories":[2,12,14],"tags":[],"_links":{"self":[{"href":"https:\/\/iknews.fr\/index.php\/wp-json\/wp\/v2\/posts\/1430"}],"collection":[{"href":"https:\/\/iknews.fr\/index.php\/wp-json\/wp\/v2\/posts"}],"about":[{"href":"https:\/\/iknews.fr\/index.php\/wp-json\/wp\/v2\/types\/post"}],"author":[{"embeddable":true,"href":"https:\/\/iknews.fr\/index.php\/wp-json\/wp\/v2\/users\/1"}],"replies":[{"embeddable":true,"href":"https:\/\/iknews.fr\/index.php\/wp-json\/wp\/v2\/comments?post=1430"}],"version-history":[{"count":0,"href":"https:\/\/iknews.fr\/index.php\/wp-json\/wp\/v2\/posts\/1430\/revisions"}],"wp:featuredmedia":[{"embeddable":true,"href":"https:\/\/iknews.fr\/index.php\/wp-json\/wp\/v2\/media\/1434"}],"wp:attachment":[{"href":"https:\/\/iknews.fr\/index.php\/wp-json\/wp\/v2\/media?parent=1430"}],"wp:term":[{"taxonomy":"category","embeddable":true,"href":"https:\/\/iknews.fr\/index.php\/wp-json\/wp\/v2\/categories?post=1430"},{"taxonomy":"post_tag","embeddable":true,"href":"https:\/\/iknews.fr\/index.php\/wp-json\/wp\/v2\/tags?post=1430"}],"curies":[{"name":"wp","href":"https:\/\/api.w.org\/{rel}","templated":true}]}}