{"id":865,"date":"2019-06-15T21:02:58","date_gmt":"2019-06-15T21:02:58","guid":{"rendered":"https:\/\/www.iknews.net\/?p=865"},"modified":"2019-06-15T21:02:58","modified_gmt":"2019-06-15T21:02:58","slug":"contribution-a-lheure-de-l-aliou-sall-gate","status":"publish","type":"post","link":"https:\/\/iknews.fr\/index.php\/2019\/06\/15\/contribution-a-lheure-de-l-aliou-sall-gate\/","title":{"rendered":"Contribution: A L\u2019HEURE DE L\u2019\u00a0 \u00ab\u00a0ALIOU SALL GATE\u00a0"},"content":{"rendered":"<p>&nbsp;<\/p>\n<p><span style=\"font-weight: 400;\">A L\u2019HEURE DE L\u2019\u00a0 \u00ab\u00a0ALIOU SALL GATE\u00a0\u00bb<\/span><\/p>\n<p><span style=\"font-weight: 400;\">Avec le d\u00e9veloppement de l\u2019affaire li\u00e9e au march\u00e9 du p\u00e9trole avec la soci\u00e9t\u00e9 P\u00e9tro Tim, on peut d\u00e9sormais parler d\u2019un \u00ab\u00a0Aliou Sall Gate\u00a0\u00bb tant l\u2019implication du fr\u00e8re du chef de l\u2019\u00c9tat est d\u00e9sormais l\u2019objet de tous les regards, de toutes les attentions. <\/span><\/p>\n<p><span style=\"font-weight: 400;\">C\u2019est \u00e0 ce point qu\u2019on peut se demander \u00e0 quel moment \u00ab\u00a0Monsieur fr\u00e8re\u00a0\u00bb va \u00eatre entendu par les services qui enqu\u00eatent aujourd\u2019hui \u00e0 la demande de Serigne Bassirou Gueye, le procureur g\u00e9n\u00e9ral pr\u00e8s de la cour d\u2019appel. La justice, pas seulement elle, l\u2019opinion publique, les m\u00e9dias attendent ses explications. Le magistrat a saisi la division des investigations criminelles afin d\u2019\u00e9tablir toute la lumi\u00e8re et nous esp\u00e9rons que ses instructions aboutiront \u00e0 la manifestation de la v\u00e9rit\u00e9. Ce serait aussi la preuve d\u2019une ind\u00e9pendance du parquet par rapport au pouvoir, ce qui a \u00e9t\u00e9 loin d\u2019\u00eatre toujours le cas. Peut-\u00eatre m\u00eame s\u2019agirait-il d\u2019une grande premi\u00e8re.<\/span><\/p>\n<p><span style=\"font-weight: 400;\">Il est d\u2019ailleurs cocasse de voir qu\u2019au moment ou le Directeur g\u00e9n\u00e9ral de la Caisse des D\u00e9p\u00f4ts et Consignations du S\u00e9n\u00e9gal, M. Aliou Sall, est mis en cause par une enqu\u00eate de la BBC, celui-ci envisage de saisir le m\u00e9diateur de la cha\u00eene Britannique en mettant en cause les journalistes sur la \u00ab\u00a0fiabilit\u00e9 de leurs informations\u00a0\u00bb. On croirait revivre un remake de l\u2019arroseur arros\u00e9, dans la c\u00e9l\u00e8bre s\u00e9rie t\u00e9l\u00e9vis\u00e9e Dinama Nekh.<\/span><\/p>\n<p><span style=\"font-weight: 400;\">Il est non moins cocasse de voir qu\u2019au moment o\u00f9 est r\u00e9v\u00e9l\u00e9 un scandale d\u2019\u00c9tat, la section de recherche de la gendarmerie nationale semble se pr\u00e9occuper davantage de \u00ab\u00a0la divulgation du rapport de l\u2019IGE (Inspection g\u00e9n\u00e9rale d\u2019Etat) qui comme par hasard pr\u00e9conisait, d\u00e8s 2012, le retrait des permis octroy\u00e9s \u00e0 la soci\u00e9t\u00e9 de l\u2019homme d\u2019affaires roumain Frank Timis. Que n\u2019a-t-on suivi les conclusions de ce rapport voici 7 ans\u00a0! \u00a0En agissant ainsi, l\u2019IGE n\u2019a fait qu\u2019accomplir son devoir, au nom de la transparence des march\u00e9s publics.<\/span><\/p>\n<p><span style=\"font-weight: 400;\">Il serait bon \u00e9galement que l\u2019association internationale ITIE (Initiative pour la Transparence dans les Industries Extractives) qui \u00e9tablit la norme mondiale pour une gouvernance ouverte des ressources p\u00e9troli\u00e8res et gazi\u00e8res et qui rassemble 51 pays \u00e0 travers le monde, interpelle les autorit\u00e9s s\u00e9n\u00e9galaises sur la pertinence des d\u00e9crets sign\u00e9s en juin 2012 entre l\u2019Etat du S\u00e9n\u00e9gal et la compagnie PETRO-TIM et demande quel est le r\u00f4le exact jou\u00e9 par M. Aliou Sall dans le cadre de la signature de ce march\u00e9.<\/span><\/p>\n<p><span style=\"font-weight: 400;\">C\u2019est le sens de la demande, que j\u2019adresse ce jour, en ma qualit\u00e9 de pr\u00e9sident du mouvement d\u2019opposition S\u00e9n\u00e9galais <\/span><b>Un Autre Avenir<\/b><span style=\"font-weight: 400;\"> \u00e0 Monsieur Frederik Reinfeldt, pr\u00e9sident du conseil d\u2019administration d\u2019ITIE.<\/span><\/p>\n<p><span style=\"font-weight: 400;\">Cette histoire n\u2019en est qu\u2019\u00e0 ses d\u00e9buts et nous promet de multiples rebondissements. Reste \u00e0 savoir maintenant jusqu\u2019\u00e0 quand la position de M. Aliou Sall restera tenable, autrement dit pendant combien de temps son fr\u00e8re, M. Macky Sall, r\u00e9cemment r\u00e9\u00e9lu chef de l\u2019Etat, va pouvoir le soutenir. Un vieux proverbe chinois nous enseigne que le poisson pourrit par la t\u00eate et si les soup\u00e7ons de corruption sont confirm\u00e9s \u00e0 l\u2019\u00e9gard de M. Aliou Sall, c\u2019est bien la pr\u00e9sidence de la R\u00e9publique qui sera atteinte. <\/span><\/p>\n<p><span style=\"font-weight: 400;\">Ibrahima Thiam<\/span><\/p>\n<p><span style=\"font-weight: 400;\">Pr\u00e9sident <\/span><b>Un Autre Avenir<\/b><\/p>\n<p>&nbsp;<\/p>\n","protected":false},"excerpt":{"rendered":"<p>&nbsp; A L\u2019HEURE DE L\u2019\u00a0 \u00ab\u00a0ALIOU SALL GATE\u00a0\u00bb Avec le d\u00e9veloppement de l\u2019affaire li\u00e9e au march\u00e9 du p\u00e9trole avec la soci\u00e9t\u00e9 P\u00e9tro Tim, on peut d\u00e9sormais parler d\u2019un \u00ab\u00a0Aliou Sall Gate\u00a0\u00bb tant l\u2019implication du fr\u00e8re du chef de l\u2019\u00c9tat est d\u00e9sormais l\u2019objet de tous les regards, de toutes les attentions. C\u2019est \u00e0 ce point qu\u2019on [&hellip;]<\/p>\n","protected":false},"author":1,"featured_media":642,"comment_status":"open","ping_status":"open","sticky":false,"template":"","format":"standard","meta":{"footnotes":""},"categories":[2,14],"tags":[],"_links":{"self":[{"href":"https:\/\/iknews.fr\/index.php\/wp-json\/wp\/v2\/posts\/865"}],"collection":[{"href":"https:\/\/iknews.fr\/index.php\/wp-json\/wp\/v2\/posts"}],"about":[{"href":"https:\/\/iknews.fr\/index.php\/wp-json\/wp\/v2\/types\/post"}],"author":[{"embeddable":true,"href":"https:\/\/iknews.fr\/index.php\/wp-json\/wp\/v2\/users\/1"}],"replies":[{"embeddable":true,"href":"https:\/\/iknews.fr\/index.php\/wp-json\/wp\/v2\/comments?post=865"}],"version-history":[{"count":0,"href":"https:\/\/iknews.fr\/index.php\/wp-json\/wp\/v2\/posts\/865\/revisions"}],"wp:featuredmedia":[{"embeddable":true,"href":"https:\/\/iknews.fr\/index.php\/wp-json\/wp\/v2\/media\/642"}],"wp:attachment":[{"href":"https:\/\/iknews.fr\/index.php\/wp-json\/wp\/v2\/media?parent=865"}],"wp:term":[{"taxonomy":"category","embeddable":true,"href":"https:\/\/iknews.fr\/index.php\/wp-json\/wp\/v2\/categories?post=865"},{"taxonomy":"post_tag","embeddable":true,"href":"https:\/\/iknews.fr\/index.php\/wp-json\/wp\/v2\/tags?post=865"}],"curies":[{"name":"wp","href":"https:\/\/api.w.org\/{rel}","templated":true}]}}